{"id":5543,"date":"2026-04-29T14:37:22","date_gmt":"2026-04-29T14:37:22","guid":{"rendered":"https:\/\/inof.es\/?p=5543"},"modified":"2026-04-29T14:37:22","modified_gmt":"2026-04-29T14:37:22","slug":"despreniment-de-retina-com-detectar-ho-a-temps-i-evitar-la-perdua-de-visio","status":"publish","type":"post","link":"https:\/\/inof.es\/ca\/despreniment-de-retina-com-detectar-ho-a-temps-i-evitar-la-perdua-de-visio\/","title":{"rendered":"Despreniment de retina: com detectar-ho a temps i evitar la p\u00e8rdua de visi\u00f3"},"content":{"rendered":"<div class=\"traductor-textarea form-group\">\n<div class=\"textarea-desti col-xs-12 col-sm-6\">\n<div class=\"form-control second-textarea\">\n<p>El despreniment de retina \u00e9s una urg\u00e8ncia oftalmol\u00f2gica que pot provocar p\u00e8rdua irreversible de visi\u00f3 si no es tracta a temps. Recon\u00e8ixer els s\u00edmptomes i actuar amb rapidesa \u00e9s clau per a preservar la salut visual.<\/p>\n<p><strong>Qui t\u00e9 major risc?<\/strong><\/p>\n<p>Encara que pot afectar qualsevol persona, \u00e9s m\u00e9s freq\u00fcent en:<\/p>\n<ul>\n<li>Persones amb miopia, especialment alta miopia<\/li>\n<li>Pacients amb diabetis<\/li>\n<li>Antecedents de traumatismes oculars<\/li>\n<li>Persones operades de cataractes (en menor mesura)<\/li>\n<\/ul>\n<p><strong>Senyals d&#8217;alarma<\/strong><\/p>\n<p>Existeixen s\u00edmptomes caracter\u00edstics que requereixen atenci\u00f3 immediata:<\/p>\n<ul>\n<li>Mosques volants (miodesopsias): taques m\u00f2bils en la visi\u00f3<\/li>\n<li>Centellejos de llum (fot\u00f2psies): flaixos fins i tot amb els ulls tancats<\/li>\n<li>Ombra o \u201ccortina negra\u201d: p\u00e8rdua de visi\u00f3 lateral que avan\u00e7a cap al centre<\/li>\n<\/ul>\n<p>Davant qualsevol d&#8217;aquests signes, \u00e9s fonamental acudir d&#8217;urg\u00e8ncia a l&#8217;oftalm\u00f2leg.<\/p>\n<p><strong>Tractament urgent i especialitzat<\/strong><\/p>\n<p>El tractament del despreniment de retina \u00e9s quir\u00fargic i, en molts casos, ha de realitzar-se en les primeres 24 hores. La rapidesa d&#8217;actuaci\u00f3 influeix directament en el pron\u00f2stic visual.<\/p>\n<p>Les t\u00e8cniques actuals, com la vitrectomia, han millorat notablement la seguretat i els resultats, permetent recuperar visi\u00f3 fins i tot en situacions complexes. No obstant aix\u00f2, l&#8217;\u00e8xit dep\u00e8n en gran manera d&#8217;un diagn\u00f2stic preco\u00e7 i de l&#8217;experi\u00e8ncia de l&#8217;equip m\u00e8dic.<\/p>\n<p><strong>La import\u00e0ncia d&#8217;actuar a temps<\/strong><\/p>\n<p>No tots els despreniments comencen amb p\u00e8rdua de visi\u00f3 severa, per la qual cosa ignorar els primers s\u00edmptomes pot tenir conseq\u00fc\u00e8ncies greus. Una valoraci\u00f3 immediata permet intervenir abans que el mal sigui irreversible.<\/p>\n<p>En\u00a0INOF\u00a0&#8211; Dra. Fern\u00e1ndez\u00a0Agrafojo\u00a0comptem amb especialistes en retina i atenci\u00f3 urgent per al diagn\u00f2stic i tractament del despreniment de retina.<\/p>\n<p>Si nota canvis sobtats en la seva visi\u00f3, acudeixi sense demora a una revisi\u00f3 oftalmol\u00f2gica. Actuar a temps pot marcar la difer\u00e8ncia.<\/p>\n<\/div>\n<\/div>\n<\/div>\n","protected":false},"excerpt":{"rendered":"<p>El despreniment de retina \u00e9s una urg\u00e8ncia oftalmol\u00f2gica que pot provocar p\u00e8rdua irreversible de visi\u00f3 si no es tracta a temps. Recon\u00e8ixer els s\u00edmptomes i actuar amb rapidesa \u00e9s clau per a preservar la salut visual. Qui t\u00e9 major risc? Encara que pot afectar qualsevol persona, \u00e9s m\u00e9s freq\u00fcent en: Persones amb miopia, especialment alta&hellip;<\/p>\n","protected":false},"author":7,"featured_media":5540,"comment_status":"open","ping_status":"closed","sticky":false,"template":"","format":"standard","meta":{"_joinchat":[],"footnotes":""},"categories":[76],"tags":[],"post_series":[],"class_list":["post-5543","post","type-post","status-publish","format-standard","has-post-thumbnail","hentry","category-patologia-ocular-ca","entry","has-media"],"yoast_head":"<!-- This site is optimized with the Yoast SEO plugin v26.8 - https:\/\/yoast.com\/product\/yoast-seo-wordpress\/ -->\n<title>Despreniment de retina: com detectar-ho a temps i evitar la p\u00e8rdua de visi\u00f3 - Inof | Centro de investigaci\u00f3n y cirug\u00eda ocular<\/title>\n<meta name=\"description\" content=\"El despreniment de retina \u00e9s una urg\u00e8ncia oftalmol\u00f2gica que pot provocar p\u00e8rdua irreversible de visi\u00f3 si no es tracta a temps.\" \/>\n<meta name=\"robots\" content=\"index, follow, max-snippet:-1, max-image-preview:large, max-video-preview:-1\" \/>\n<link rel=\"canonical\" href=\"https:\/\/inof.es\/ca\/despreniment-de-retina-com-detectar-ho-a-temps-i-evitar-la-perdua-de-visio\/\" \/>\n<meta property=\"og:locale\" content=\"ca_ES\" \/>\n<meta property=\"og:type\" content=\"article\" \/>\n<meta property=\"og:title\" content=\"Despreniment de retina: com detectar-ho a temps i evitar la p\u00e8rdua de visi\u00f3 - Inof | Centro de investigaci\u00f3n y cirug\u00eda ocular\" \/>\n<meta property=\"og:description\" content=\"El despreniment de retina \u00e9s una urg\u00e8ncia oftalmol\u00f2gica que pot provocar p\u00e8rdua irreversible de visi\u00f3 si no es tracta a temps.\" \/>\n<meta property=\"og:url\" content=\"https:\/\/inof.es\/ca\/despreniment-de-retina-com-detectar-ho-a-temps-i-evitar-la-perdua-de-visio\/\" \/>\n<meta property=\"og:site_name\" content=\"Inof | Centro de investigaci\u00f3n y cirug\u00eda ocular\" \/>\n<meta property=\"article:publisher\" content=\"https:\/\/www.facebook.com\/OftalmologiaINOF\/\" \/>\n<meta property=\"article:published_time\" content=\"2026-04-29T14:37:22+00:00\" \/>\n<meta property=\"og:image\" content=\"https:\/\/inof.es\/wp-content\/uploads\/2026\/04\/desprendimiento-retina.png\" \/>\n\t<meta property=\"og:image:width\" content=\"900\" \/>\n\t<meta property=\"og:image:height\" content=\"600\" \/>\n\t<meta property=\"og:image:type\" content=\"image\/png\" \/>\n<meta name=\"author\" content=\"Dani\" \/>\n<meta name=\"twitter:card\" content=\"summary_large_image\" \/>\n<meta name=\"twitter:label1\" content=\"Escrit per\" \/>\n\t<meta name=\"twitter:data1\" content=\"Dani\" \/>\n\t<meta name=\"twitter:label2\" content=\"Temps estimat de lectura\" \/>\n\t<meta name=\"twitter:data2\" content=\"2 minuts\" \/>\n<script type=\"application\/ld+json\" class=\"yoast-schema-graph\">{\"@context\":\"https:\/\/schema.org\",\"@graph\":[{\"@type\":\"Article\",\"@id\":\"https:\/\/inof.es\/ca\/despreniment-de-retina-com-detectar-ho-a-temps-i-evitar-la-perdua-de-visio\/#article\",\"isPartOf\":{\"@id\":\"https:\/\/inof.es\/ca\/despreniment-de-retina-com-detectar-ho-a-temps-i-evitar-la-perdua-de-visio\/\"},\"author\":{\"name\":\"Dani\",\"@id\":\"https:\/\/inof.es\/ca\/#\/schema\/person\/f41a087e263169a04963fd245d3985d0\"},\"headline\":\"Despreniment de retina: com detectar-ho a temps i evitar la p\u00e8rdua de visi\u00f3\",\"datePublished\":\"2026-04-29T14:37:22+00:00\",\"mainEntityOfPage\":{\"@id\":\"https:\/\/inof.es\/ca\/despreniment-de-retina-com-detectar-ho-a-temps-i-evitar-la-perdua-de-visio\/\"},\"wordCount\":331,\"commentCount\":0,\"publisher\":{\"@id\":\"https:\/\/inof.es\/ca\/#organization\"},\"image\":{\"@id\":\"https:\/\/inof.es\/ca\/despreniment-de-retina-com-detectar-ho-a-temps-i-evitar-la-perdua-de-visio\/#primaryimage\"},\"thumbnailUrl\":\"https:\/\/inof.es\/wp-content\/uploads\/2026\/04\/desprendimiento-retina.png\",\"articleSection\":[\"Patologia ocular\"],\"inLanguage\":\"ca\",\"potentialAction\":[{\"@type\":\"CommentAction\",\"name\":\"Comment\",\"target\":[\"https:\/\/inof.es\/ca\/despreniment-de-retina-com-detectar-ho-a-temps-i-evitar-la-perdua-de-visio\/#respond\"]}]},{\"@type\":\"WebPage\",\"@id\":\"https:\/\/inof.es\/ca\/despreniment-de-retina-com-detectar-ho-a-temps-i-evitar-la-perdua-de-visio\/\",\"url\":\"https:\/\/inof.es\/ca\/despreniment-de-retina-com-detectar-ho-a-temps-i-evitar-la-perdua-de-visio\/\",\"name\":\"Despreniment de retina: com detectar-ho a temps i evitar la p\u00e8rdua de visi\u00f3 - Inof | Centro de investigaci\u00f3n y cirug\u00eda ocular\",\"isPartOf\":{\"@id\":\"https:\/\/inof.es\/ca\/#website\"},\"primaryImageOfPage\":{\"@id\":\"https:\/\/inof.es\/ca\/despreniment-de-retina-com-detectar-ho-a-temps-i-evitar-la-perdua-de-visio\/#primaryimage\"},\"image\":{\"@id\":\"https:\/\/inof.es\/ca\/despreniment-de-retina-com-detectar-ho-a-temps-i-evitar-la-perdua-de-visio\/#primaryimage\"},\"thumbnailUrl\":\"https:\/\/inof.es\/wp-content\/uploads\/2026\/04\/desprendimiento-retina.png\",\"datePublished\":\"2026-04-29T14:37:22+00:00\",\"description\":\"El despreniment de retina \u00e9s una urg\u00e8ncia oftalmol\u00f2gica que pot provocar p\u00e8rdua irreversible de visi\u00f3 si no es tracta a temps.\",\"breadcrumb\":{\"@id\":\"https:\/\/inof.es\/ca\/despreniment-de-retina-com-detectar-ho-a-temps-i-evitar-la-perdua-de-visio\/#breadcrumb\"},\"inLanguage\":\"ca\",\"potentialAction\":[{\"@type\":\"ReadAction\",\"target\":[\"https:\/\/inof.es\/ca\/despreniment-de-retina-com-detectar-ho-a-temps-i-evitar-la-perdua-de-visio\/\"]}]},{\"@type\":\"ImageObject\",\"inLanguage\":\"ca\",\"@id\":\"https:\/\/inof.es\/ca\/despreniment-de-retina-com-detectar-ho-a-temps-i-evitar-la-perdua-de-visio\/#primaryimage\",\"url\":\"https:\/\/inof.es\/wp-content\/uploads\/2026\/04\/desprendimiento-retina.png\",\"contentUrl\":\"https:\/\/inof.es\/wp-content\/uploads\/2026\/04\/desprendimiento-retina.png\",\"width\":900,\"height\":600},{\"@type\":\"BreadcrumbList\",\"@id\":\"https:\/\/inof.es\/ca\/despreniment-de-retina-com-detectar-ho-a-temps-i-evitar-la-perdua-de-visio\/#breadcrumb\",\"itemListElement\":[{\"@type\":\"ListItem\",\"position\":1,\"name\":\"Portada\",\"item\":\"https:\/\/inof.es\/ca\/\"},{\"@type\":\"ListItem\",\"position\":2,\"name\":\"Despreniment de retina: com detectar-ho a temps i evitar la p\u00e8rdua de visi\u00f3\"}]},{\"@type\":\"WebSite\",\"@id\":\"https:\/\/inof.es\/ca\/#website\",\"url\":\"https:\/\/inof.es\/ca\/\",\"name\":\"Centro Inof | Dra. Fdez-Agrafojo\",\"description\":\"Especialistas en estrabismo y oftalmolog\u00eda infantil\",\"publisher\":{\"@id\":\"https:\/\/inof.es\/ca\/#organization\"},\"potentialAction\":[{\"@type\":\"SearchAction\",\"target\":{\"@type\":\"EntryPoint\",\"urlTemplate\":\"https:\/\/inof.es\/ca\/?s={search_term_string}\"},\"query-input\":{\"@type\":\"PropertyValueSpecification\",\"valueRequired\":true,\"valueName\":\"search_term_string\"}}],\"inLanguage\":\"ca\"},{\"@type\":\"Organization\",\"@id\":\"https:\/\/inof.es\/ca\/#organization\",\"name\":\"Centro INOF de la Dra. Fdez-Agrafojo\",\"url\":\"https:\/\/inof.es\/ca\/\",\"logo\":{\"@type\":\"ImageObject\",\"inLanguage\":\"ca\",\"@id\":\"https:\/\/inof.es\/ca\/#\/schema\/logo\/image\/\",\"url\":\"https:\/\/inof.es\/wp-content\/uploads\/2018\/10\/logo-agrafojo.png\",\"contentUrl\":\"https:\/\/inof.es\/wp-content\/uploads\/2018\/10\/logo-agrafojo.png\",\"width\":721,\"height\":332,\"caption\":\"Centro INOF de la Dra. Fdez-Agrafojo\"},\"image\":{\"@id\":\"https:\/\/inof.es\/ca\/#\/schema\/logo\/image\/\"},\"sameAs\":[\"https:\/\/www.facebook.com\/OftalmologiaINOF\/\",\"https:\/\/www.instagram.com\/inof_agrafojo\/\",\"https:\/\/www.linkedin.com\/in\/dora-fern\u00e1ndez-agrafojo\/?ppe=1\",\"https:\/\/www.youtube.com\/channel\/UCOK86vawyDB209S0-i8dFDg\/playlists\"]},{\"@type\":\"Person\",\"@id\":\"https:\/\/inof.es\/ca\/#\/schema\/person\/f41a087e263169a04963fd245d3985d0\",\"name\":\"Dani\",\"image\":{\"@type\":\"ImageObject\",\"inLanguage\":\"ca\",\"@id\":\"https:\/\/inof.es\/ca\/#\/schema\/person\/image\/\",\"url\":\"https:\/\/secure.gravatar.com\/avatar\/efaa1e9899ed51b1a78bd2d1fe287490?s=96&d=mm&r=g\",\"contentUrl\":\"https:\/\/secure.gravatar.com\/avatar\/efaa1e9899ed51b1a78bd2d1fe287490?s=96&d=mm&r=g\",\"caption\":\"Dani\"}}]}<\/script>\n<!-- \/ Yoast SEO plugin. -->","yoast_head_json":{"title":"Despreniment de retina: com detectar-ho a temps i evitar la p\u00e8rdua de visi\u00f3 - Inof | Centro de investigaci\u00f3n y cirug\u00eda ocular","description":"El despreniment de retina \u00e9s una urg\u00e8ncia oftalmol\u00f2gica que pot provocar p\u00e8rdua irreversible de visi\u00f3 si no es tracta a temps.","robots":{"index":"index","follow":"follow","max-snippet":"max-snippet:-1","max-image-preview":"max-image-preview:large","max-video-preview":"max-video-preview:-1"},"canonical":"https:\/\/inof.es\/ca\/despreniment-de-retina-com-detectar-ho-a-temps-i-evitar-la-perdua-de-visio\/","og_locale":"ca_ES","og_type":"article","og_title":"Despreniment de retina: com detectar-ho a temps i evitar la p\u00e8rdua de visi\u00f3 - Inof | Centro de investigaci\u00f3n y cirug\u00eda ocular","og_description":"El despreniment de retina \u00e9s una urg\u00e8ncia oftalmol\u00f2gica que pot provocar p\u00e8rdua irreversible de visi\u00f3 si no es tracta a temps.","og_url":"https:\/\/inof.es\/ca\/despreniment-de-retina-com-detectar-ho-a-temps-i-evitar-la-perdua-de-visio\/","og_site_name":"Inof | Centro de investigaci\u00f3n y cirug\u00eda ocular","article_publisher":"https:\/\/www.facebook.com\/OftalmologiaINOF\/","article_published_time":"2026-04-29T14:37:22+00:00","og_image":[{"width":900,"height":600,"url":"https:\/\/inof.es\/wp-content\/uploads\/2026\/04\/desprendimiento-retina.png","type":"image\/png"}],"author":"Dani","twitter_card":"summary_large_image","twitter_misc":{"Escrit per":"Dani","Temps estimat de lectura":"2 minuts"},"schema":{"@context":"https:\/\/schema.org","@graph":[{"@type":"Article","@id":"https:\/\/inof.es\/ca\/despreniment-de-retina-com-detectar-ho-a-temps-i-evitar-la-perdua-de-visio\/#article","isPartOf":{"@id":"https:\/\/inof.es\/ca\/despreniment-de-retina-com-detectar-ho-a-temps-i-evitar-la-perdua-de-visio\/"},"author":{"name":"Dani","@id":"https:\/\/inof.es\/ca\/#\/schema\/person\/f41a087e263169a04963fd245d3985d0"},"headline":"Despreniment de retina: com detectar-ho a temps i evitar la p\u00e8rdua de visi\u00f3","datePublished":"2026-04-29T14:37:22+00:00","mainEntityOfPage":{"@id":"https:\/\/inof.es\/ca\/despreniment-de-retina-com-detectar-ho-a-temps-i-evitar-la-perdua-de-visio\/"},"wordCount":331,"commentCount":0,"publisher":{"@id":"https:\/\/inof.es\/ca\/#organization"},"image":{"@id":"https:\/\/inof.es\/ca\/despreniment-de-retina-com-detectar-ho-a-temps-i-evitar-la-perdua-de-visio\/#primaryimage"},"thumbnailUrl":"https:\/\/inof.es\/wp-content\/uploads\/2026\/04\/desprendimiento-retina.png","articleSection":["Patologia ocular"],"inLanguage":"ca","potentialAction":[{"@type":"CommentAction","name":"Comment","target":["https:\/\/inof.es\/ca\/despreniment-de-retina-com-detectar-ho-a-temps-i-evitar-la-perdua-de-visio\/#respond"]}]},{"@type":"WebPage","@id":"https:\/\/inof.es\/ca\/despreniment-de-retina-com-detectar-ho-a-temps-i-evitar-la-perdua-de-visio\/","url":"https:\/\/inof.es\/ca\/despreniment-de-retina-com-detectar-ho-a-temps-i-evitar-la-perdua-de-visio\/","name":"Despreniment de retina: com detectar-ho a temps i evitar la p\u00e8rdua de visi\u00f3 - Inof | Centro de investigaci\u00f3n y cirug\u00eda ocular","isPartOf":{"@id":"https:\/\/inof.es\/ca\/#website"},"primaryImageOfPage":{"@id":"https:\/\/inof.es\/ca\/despreniment-de-retina-com-detectar-ho-a-temps-i-evitar-la-perdua-de-visio\/#primaryimage"},"image":{"@id":"https:\/\/inof.es\/ca\/despreniment-de-retina-com-detectar-ho-a-temps-i-evitar-la-perdua-de-visio\/#primaryimage"},"thumbnailUrl":"https:\/\/inof.es\/wp-content\/uploads\/2026\/04\/desprendimiento-retina.png","datePublished":"2026-04-29T14:37:22+00:00","description":"El despreniment de retina \u00e9s una urg\u00e8ncia oftalmol\u00f2gica que pot provocar p\u00e8rdua irreversible de visi\u00f3 si no es tracta a temps.","breadcrumb":{"@id":"https:\/\/inof.es\/ca\/despreniment-de-retina-com-detectar-ho-a-temps-i-evitar-la-perdua-de-visio\/#breadcrumb"},"inLanguage":"ca","potentialAction":[{"@type":"ReadAction","target":["https:\/\/inof.es\/ca\/despreniment-de-retina-com-detectar-ho-a-temps-i-evitar-la-perdua-de-visio\/"]}]},{"@type":"ImageObject","inLanguage":"ca","@id":"https:\/\/inof.es\/ca\/despreniment-de-retina-com-detectar-ho-a-temps-i-evitar-la-perdua-de-visio\/#primaryimage","url":"https:\/\/inof.es\/wp-content\/uploads\/2026\/04\/desprendimiento-retina.png","contentUrl":"https:\/\/inof.es\/wp-content\/uploads\/2026\/04\/desprendimiento-retina.png","width":900,"height":600},{"@type":"BreadcrumbList","@id":"https:\/\/inof.es\/ca\/despreniment-de-retina-com-detectar-ho-a-temps-i-evitar-la-perdua-de-visio\/#breadcrumb","itemListElement":[{"@type":"ListItem","position":1,"name":"Portada","item":"https:\/\/inof.es\/ca\/"},{"@type":"ListItem","position":2,"name":"Despreniment de retina: com detectar-ho a temps i evitar la p\u00e8rdua de visi\u00f3"}]},{"@type":"WebSite","@id":"https:\/\/inof.es\/ca\/#website","url":"https:\/\/inof.es\/ca\/","name":"Centro Inof | Dra. Fdez-Agrafojo","description":"Especialistas en estrabismo y oftalmolog\u00eda infantil","publisher":{"@id":"https:\/\/inof.es\/ca\/#organization"},"potentialAction":[{"@type":"SearchAction","target":{"@type":"EntryPoint","urlTemplate":"https:\/\/inof.es\/ca\/?s={search_term_string}"},"query-input":{"@type":"PropertyValueSpecification","valueRequired":true,"valueName":"search_term_string"}}],"inLanguage":"ca"},{"@type":"Organization","@id":"https:\/\/inof.es\/ca\/#organization","name":"Centro INOF de la Dra. Fdez-Agrafojo","url":"https:\/\/inof.es\/ca\/","logo":{"@type":"ImageObject","inLanguage":"ca","@id":"https:\/\/inof.es\/ca\/#\/schema\/logo\/image\/","url":"https:\/\/inof.es\/wp-content\/uploads\/2018\/10\/logo-agrafojo.png","contentUrl":"https:\/\/inof.es\/wp-content\/uploads\/2018\/10\/logo-agrafojo.png","width":721,"height":332,"caption":"Centro INOF de la Dra. Fdez-Agrafojo"},"image":{"@id":"https:\/\/inof.es\/ca\/#\/schema\/logo\/image\/"},"sameAs":["https:\/\/www.facebook.com\/OftalmologiaINOF\/","https:\/\/www.instagram.com\/inof_agrafojo\/","https:\/\/www.linkedin.com\/in\/dora-fern\u00e1ndez-agrafojo\/?ppe=1","https:\/\/www.youtube.com\/channel\/UCOK86vawyDB209S0-i8dFDg\/playlists"]},{"@type":"Person","@id":"https:\/\/inof.es\/ca\/#\/schema\/person\/f41a087e263169a04963fd245d3985d0","name":"Dani","image":{"@type":"ImageObject","inLanguage":"ca","@id":"https:\/\/inof.es\/ca\/#\/schema\/person\/image\/","url":"https:\/\/secure.gravatar.com\/avatar\/efaa1e9899ed51b1a78bd2d1fe287490?s=96&d=mm&r=g","contentUrl":"https:\/\/secure.gravatar.com\/avatar\/efaa1e9899ed51b1a78bd2d1fe287490?s=96&d=mm&r=g","caption":"Dani"}}]}},"_links":{"self":[{"href":"https:\/\/inof.es\/ca\/wp-json\/wp\/v2\/posts\/5543","targetHints":{"allow":["GET"]}}],"collection":[{"href":"https:\/\/inof.es\/ca\/wp-json\/wp\/v2\/posts"}],"about":[{"href":"https:\/\/inof.es\/ca\/wp-json\/wp\/v2\/types\/post"}],"author":[{"embeddable":true,"href":"https:\/\/inof.es\/ca\/wp-json\/wp\/v2\/users\/7"}],"replies":[{"embeddable":true,"href":"https:\/\/inof.es\/ca\/wp-json\/wp\/v2\/comments?post=5543"}],"version-history":[{"count":1,"href":"https:\/\/inof.es\/ca\/wp-json\/wp\/v2\/posts\/5543\/revisions"}],"predecessor-version":[{"id":5544,"href":"https:\/\/inof.es\/ca\/wp-json\/wp\/v2\/posts\/5543\/revisions\/5544"}],"wp:featuredmedia":[{"embeddable":true,"href":"https:\/\/inof.es\/ca\/wp-json\/wp\/v2\/media\/5540"}],"wp:attachment":[{"href":"https:\/\/inof.es\/ca\/wp-json\/wp\/v2\/media?parent=5543"}],"wp:term":[{"taxonomy":"category","embeddable":true,"href":"https:\/\/inof.es\/ca\/wp-json\/wp\/v2\/categories?post=5543"},{"taxonomy":"post_tag","embeddable":true,"href":"https:\/\/inof.es\/ca\/wp-json\/wp\/v2\/tags?post=5543"},{"taxonomy":"post_series","embeddable":true,"href":"https:\/\/inof.es\/ca\/wp-json\/wp\/v2\/post_series?post=5543"}],"curies":[{"name":"wp","href":"https:\/\/api.w.org\/{rel}","templated":true}]}}