{"id":5527,"date":"2026-04-27T14:09:51","date_gmt":"2026-04-27T14:09:51","guid":{"rendered":"https:\/\/inof.es\/?p=5527"},"modified":"2026-04-27T14:09:51","modified_gmt":"2026-04-27T14:09:51","slug":"diabetis-i-ull-sec-una-relacio-que-va-mes-enlla-de-la-retina","status":"publish","type":"post","link":"https:\/\/inof.es\/ca\/diabetis-i-ull-sec-una-relacio-que-va-mes-enlla-de-la-retina\/","title":{"rendered":"Diabetis i ull sec: una relaci\u00f3 que va m\u00e9s enll\u00e0 de la retina"},"content":{"rendered":"<p>Si t\u00e9 diabetis, probablement coneix el seu impacte en la retina, per\u00f2 aquesta malaltia tamb\u00e9 afecta directament a la superf\u00edcie ocular. La diabetis i l&#8217;ull sec estan estretament relacionats i poden empitjorar m\u00fatuament.<\/p>\n<p>La\u00a0hiperglucemia\u00a0danya els petits vasos sanguinis, altera els nervis i mant\u00e9 una inflamaci\u00f3 cr\u00f2nica que afecta l&#8217;ull. Com a conseq\u00fc\u00e8ncia, disminueix la producci\u00f3 de ll\u00e0grima, s&#8217;altera la seva qualitat i es redueix la sensibilitat corneal, afavorint la sequedat.<\/p>\n<p>Entre els s\u00edmptomes m\u00e9s habituals destaquen l&#8217;ardor, la sensaci\u00f3 d&#8217;arena, l&#8217;enrogiment i la visi\u00f3 borrosa intermitent. En pacients diab\u00e8tics, aquestes mol\u00e8sties no han de normalitzar-se, ja que poden ocultar un problema m\u00e9s complex.<\/p>\n<p>L&#8217;ull sec en diabetis \u00e9s multifactorial i requereix un diagn\u00f2stic espec\u00edfic per a avaluar inflamaci\u00f3, qualitat lacrimal, gl\u00e0ndules de\u00a0Meibomio\u00a0i sensibilitat corneal. Nom\u00e9s aix\u00ed \u00e9s possible aplicar un tractament efica\u00e7.<\/p>\n<p>El tractament ha de ser personalitzat i incloure control de la inflamaci\u00f3, millora de la funci\u00f3 lacrimal i protecci\u00f3 de la superf\u00edcie ocular. Un diagn\u00f2stic preco\u00e7 no sols alleuja els s\u00edmptomes, sin\u00f3 que prev\u00e9 complicacions a llarg termini.<\/p>\n<p>En\u00a0INOF, sota la direcci\u00f3 de la Dra. Fern\u00e1ndez\u00a0Agrafojo, comptem amb una unitat especialitzada en superf\u00edcie ocular per al diagn\u00f2stic i tractament de l&#8217;ull sec associat a la diabetis.<\/p>\n<p>Si presenta s\u00edmptomes persistents, li recomanem realitzar una valoraci\u00f3 completa amb els nostres especialistes.<\/p>\n","protected":false},"excerpt":{"rendered":"<p>Si t\u00e9 diabetis, probablement coneix el seu impacte en la retina, per\u00f2 aquesta malaltia tamb\u00e9 afecta directament a la superf\u00edcie ocular. La diabetis i l&#8217;ull sec estan estretament relacionats i poden empitjorar m\u00fatuament. La\u00a0hiperglucemia\u00a0danya els petits vasos sanguinis, altera els nervis i mant\u00e9 una inflamaci\u00f3 cr\u00f2nica que afecta l&#8217;ull. Com a conseq\u00fc\u00e8ncia, disminueix la producci\u00f3&hellip;<\/p>\n","protected":false},"author":7,"featured_media":5524,"comment_status":"open","ping_status":"closed","sticky":false,"template":"","format":"standard","meta":{"_joinchat":[],"footnotes":""},"categories":[383],"tags":[],"post_series":[],"class_list":["post-5527","post","type-post","status-publish","format-standard","has-post-thumbnail","hentry","category-diabetis","entry","has-media"],"yoast_head":"<!-- This site is optimized with the Yoast SEO plugin v26.8 - https:\/\/yoast.com\/product\/yoast-seo-wordpress\/ -->\n<title>Diabetis i ull sec: una relaci\u00f3 que va m\u00e9s enll\u00e0 de la retina - Inof | Centro de investigaci\u00f3n y cirug\u00eda ocular<\/title>\n<meta name=\"description\" content=\"Si presenta s\u00edmptomes persistents, li recomanem realitzar una valoraci\u00f3 completa amb els nostres especialistes.\" \/>\n<meta name=\"robots\" content=\"index, follow, max-snippet:-1, max-image-preview:large, max-video-preview:-1\" \/>\n<link rel=\"canonical\" href=\"https:\/\/inof.es\/ca\/diabetis-i-ull-sec-una-relacio-que-va-mes-enlla-de-la-retina\/\" \/>\n<meta property=\"og:locale\" content=\"ca_ES\" \/>\n<meta property=\"og:type\" content=\"article\" \/>\n<meta property=\"og:title\" content=\"Diabetis i ull sec: una relaci\u00f3 que va m\u00e9s enll\u00e0 de la retina - Inof | Centro de investigaci\u00f3n y cirug\u00eda ocular\" \/>\n<meta property=\"og:description\" content=\"Si presenta s\u00edmptomes persistents, li recomanem realitzar una valoraci\u00f3 completa amb els nostres especialistes.\" \/>\n<meta property=\"og:url\" content=\"https:\/\/inof.es\/ca\/diabetis-i-ull-sec-una-relacio-que-va-mes-enlla-de-la-retina\/\" \/>\n<meta property=\"og:site_name\" content=\"Inof | Centro de investigaci\u00f3n y cirug\u00eda ocular\" \/>\n<meta property=\"article:publisher\" content=\"https:\/\/www.facebook.com\/OftalmologiaINOF\/\" \/>\n<meta property=\"article:published_time\" content=\"2026-04-27T14:09:51+00:00\" \/>\n<meta property=\"og:image\" content=\"https:\/\/inof.es\/wp-content\/uploads\/2026\/04\/diabetes-ojo-seco.png\" \/>\n\t<meta property=\"og:image:width\" content=\"900\" \/>\n\t<meta property=\"og:image:height\" content=\"600\" \/>\n\t<meta property=\"og:image:type\" content=\"image\/png\" \/>\n<meta name=\"author\" content=\"Dani\" \/>\n<meta name=\"twitter:card\" content=\"summary_large_image\" \/>\n<meta name=\"twitter:label1\" content=\"Escrit per\" \/>\n\t<meta name=\"twitter:data1\" content=\"Dani\" \/>\n\t<meta name=\"twitter:label2\" content=\"Temps estimat de lectura\" \/>\n\t<meta name=\"twitter:data2\" content=\"1 minut\" \/>\n<script type=\"application\/ld+json\" class=\"yoast-schema-graph\">{\"@context\":\"https:\/\/schema.org\",\"@graph\":[{\"@type\":\"Article\",\"@id\":\"https:\/\/inof.es\/ca\/diabetis-i-ull-sec-una-relacio-que-va-mes-enlla-de-la-retina\/#article\",\"isPartOf\":{\"@id\":\"https:\/\/inof.es\/ca\/diabetis-i-ull-sec-una-relacio-que-va-mes-enlla-de-la-retina\/\"},\"author\":{\"name\":\"Dani\",\"@id\":\"https:\/\/inof.es\/ca\/#\/schema\/person\/f41a087e263169a04963fd245d3985d0\"},\"headline\":\"Diabetis i ull sec: una relaci\u00f3 que va m\u00e9s enll\u00e0 de la retina\",\"datePublished\":\"2026-04-27T14:09:51+00:00\",\"mainEntityOfPage\":{\"@id\":\"https:\/\/inof.es\/ca\/diabetis-i-ull-sec-una-relacio-que-va-mes-enlla-de-la-retina\/\"},\"wordCount\":261,\"commentCount\":0,\"publisher\":{\"@id\":\"https:\/\/inof.es\/ca\/#organization\"},\"image\":{\"@id\":\"https:\/\/inof.es\/ca\/diabetis-i-ull-sec-una-relacio-que-va-mes-enlla-de-la-retina\/#primaryimage\"},\"thumbnailUrl\":\"https:\/\/inof.es\/wp-content\/uploads\/2026\/04\/diabetes-ojo-seco.png\",\"articleSection\":[\"Diabetis\"],\"inLanguage\":\"ca\",\"potentialAction\":[{\"@type\":\"CommentAction\",\"name\":\"Comment\",\"target\":[\"https:\/\/inof.es\/ca\/diabetis-i-ull-sec-una-relacio-que-va-mes-enlla-de-la-retina\/#respond\"]}]},{\"@type\":\"WebPage\",\"@id\":\"https:\/\/inof.es\/ca\/diabetis-i-ull-sec-una-relacio-que-va-mes-enlla-de-la-retina\/\",\"url\":\"https:\/\/inof.es\/ca\/diabetis-i-ull-sec-una-relacio-que-va-mes-enlla-de-la-retina\/\",\"name\":\"Diabetis i ull sec: una relaci\u00f3 que va m\u00e9s enll\u00e0 de la retina - Inof | Centro de investigaci\u00f3n y cirug\u00eda ocular\",\"isPartOf\":{\"@id\":\"https:\/\/inof.es\/ca\/#website\"},\"primaryImageOfPage\":{\"@id\":\"https:\/\/inof.es\/ca\/diabetis-i-ull-sec-una-relacio-que-va-mes-enlla-de-la-retina\/#primaryimage\"},\"image\":{\"@id\":\"https:\/\/inof.es\/ca\/diabetis-i-ull-sec-una-relacio-que-va-mes-enlla-de-la-retina\/#primaryimage\"},\"thumbnailUrl\":\"https:\/\/inof.es\/wp-content\/uploads\/2026\/04\/diabetes-ojo-seco.png\",\"datePublished\":\"2026-04-27T14:09:51+00:00\",\"description\":\"Si presenta s\u00edmptomes persistents, li recomanem realitzar una valoraci\u00f3 completa amb els nostres especialistes.\",\"breadcrumb\":{\"@id\":\"https:\/\/inof.es\/ca\/diabetis-i-ull-sec-una-relacio-que-va-mes-enlla-de-la-retina\/#breadcrumb\"},\"inLanguage\":\"ca\",\"potentialAction\":[{\"@type\":\"ReadAction\",\"target\":[\"https:\/\/inof.es\/ca\/diabetis-i-ull-sec-una-relacio-que-va-mes-enlla-de-la-retina\/\"]}]},{\"@type\":\"ImageObject\",\"inLanguage\":\"ca\",\"@id\":\"https:\/\/inof.es\/ca\/diabetis-i-ull-sec-una-relacio-que-va-mes-enlla-de-la-retina\/#primaryimage\",\"url\":\"https:\/\/inof.es\/wp-content\/uploads\/2026\/04\/diabetes-ojo-seco.png\",\"contentUrl\":\"https:\/\/inof.es\/wp-content\/uploads\/2026\/04\/diabetes-ojo-seco.png\",\"width\":900,\"height\":600},{\"@type\":\"BreadcrumbList\",\"@id\":\"https:\/\/inof.es\/ca\/diabetis-i-ull-sec-una-relacio-que-va-mes-enlla-de-la-retina\/#breadcrumb\",\"itemListElement\":[{\"@type\":\"ListItem\",\"position\":1,\"name\":\"Portada\",\"item\":\"https:\/\/inof.es\/ca\/\"},{\"@type\":\"ListItem\",\"position\":2,\"name\":\"Diabetis i ull sec: una relaci\u00f3 que va m\u00e9s enll\u00e0 de la retina\"}]},{\"@type\":\"WebSite\",\"@id\":\"https:\/\/inof.es\/ca\/#website\",\"url\":\"https:\/\/inof.es\/ca\/\",\"name\":\"Centro Inof | Dra. Fdez-Agrafojo\",\"description\":\"Especialistas en estrabismo y oftalmolog\u00eda infantil\",\"publisher\":{\"@id\":\"https:\/\/inof.es\/ca\/#organization\"},\"potentialAction\":[{\"@type\":\"SearchAction\",\"target\":{\"@type\":\"EntryPoint\",\"urlTemplate\":\"https:\/\/inof.es\/ca\/?s={search_term_string}\"},\"query-input\":{\"@type\":\"PropertyValueSpecification\",\"valueRequired\":true,\"valueName\":\"search_term_string\"}}],\"inLanguage\":\"ca\"},{\"@type\":\"Organization\",\"@id\":\"https:\/\/inof.es\/ca\/#organization\",\"name\":\"Centro INOF de la Dra. Fdez-Agrafojo\",\"url\":\"https:\/\/inof.es\/ca\/\",\"logo\":{\"@type\":\"ImageObject\",\"inLanguage\":\"ca\",\"@id\":\"https:\/\/inof.es\/ca\/#\/schema\/logo\/image\/\",\"url\":\"https:\/\/inof.es\/wp-content\/uploads\/2018\/10\/logo-agrafojo.png\",\"contentUrl\":\"https:\/\/inof.es\/wp-content\/uploads\/2018\/10\/logo-agrafojo.png\",\"width\":721,\"height\":332,\"caption\":\"Centro INOF de la Dra. Fdez-Agrafojo\"},\"image\":{\"@id\":\"https:\/\/inof.es\/ca\/#\/schema\/logo\/image\/\"},\"sameAs\":[\"https:\/\/www.facebook.com\/OftalmologiaINOF\/\",\"https:\/\/www.instagram.com\/inof_agrafojo\/\",\"https:\/\/www.linkedin.com\/in\/dora-fern\u00e1ndez-agrafojo\/?ppe=1\",\"https:\/\/www.youtube.com\/channel\/UCOK86vawyDB209S0-i8dFDg\/playlists\"]},{\"@type\":\"Person\",\"@id\":\"https:\/\/inof.es\/ca\/#\/schema\/person\/f41a087e263169a04963fd245d3985d0\",\"name\":\"Dani\",\"image\":{\"@type\":\"ImageObject\",\"inLanguage\":\"ca\",\"@id\":\"https:\/\/inof.es\/ca\/#\/schema\/person\/image\/\",\"url\":\"https:\/\/secure.gravatar.com\/avatar\/efaa1e9899ed51b1a78bd2d1fe287490?s=96&d=mm&r=g\",\"contentUrl\":\"https:\/\/secure.gravatar.com\/avatar\/efaa1e9899ed51b1a78bd2d1fe287490?s=96&d=mm&r=g\",\"caption\":\"Dani\"}}]}<\/script>\n<!-- \/ Yoast SEO plugin. -->","yoast_head_json":{"title":"Diabetis i ull sec: una relaci\u00f3 que va m\u00e9s enll\u00e0 de la retina - Inof | Centro de investigaci\u00f3n y cirug\u00eda ocular","description":"Si presenta s\u00edmptomes persistents, li recomanem realitzar una valoraci\u00f3 completa amb els nostres especialistes.","robots":{"index":"index","follow":"follow","max-snippet":"max-snippet:-1","max-image-preview":"max-image-preview:large","max-video-preview":"max-video-preview:-1"},"canonical":"https:\/\/inof.es\/ca\/diabetis-i-ull-sec-una-relacio-que-va-mes-enlla-de-la-retina\/","og_locale":"ca_ES","og_type":"article","og_title":"Diabetis i ull sec: una relaci\u00f3 que va m\u00e9s enll\u00e0 de la retina - Inof | Centro de investigaci\u00f3n y cirug\u00eda ocular","og_description":"Si presenta s\u00edmptomes persistents, li recomanem realitzar una valoraci\u00f3 completa amb els nostres especialistes.","og_url":"https:\/\/inof.es\/ca\/diabetis-i-ull-sec-una-relacio-que-va-mes-enlla-de-la-retina\/","og_site_name":"Inof | Centro de investigaci\u00f3n y cirug\u00eda ocular","article_publisher":"https:\/\/www.facebook.com\/OftalmologiaINOF\/","article_published_time":"2026-04-27T14:09:51+00:00","og_image":[{"width":900,"height":600,"url":"https:\/\/inof.es\/wp-content\/uploads\/2026\/04\/diabetes-ojo-seco.png","type":"image\/png"}],"author":"Dani","twitter_card":"summary_large_image","twitter_misc":{"Escrit per":"Dani","Temps estimat de lectura":"1 minut"},"schema":{"@context":"https:\/\/schema.org","@graph":[{"@type":"Article","@id":"https:\/\/inof.es\/ca\/diabetis-i-ull-sec-una-relacio-que-va-mes-enlla-de-la-retina\/#article","isPartOf":{"@id":"https:\/\/inof.es\/ca\/diabetis-i-ull-sec-una-relacio-que-va-mes-enlla-de-la-retina\/"},"author":{"name":"Dani","@id":"https:\/\/inof.es\/ca\/#\/schema\/person\/f41a087e263169a04963fd245d3985d0"},"headline":"Diabetis i ull sec: una relaci\u00f3 que va m\u00e9s enll\u00e0 de la retina","datePublished":"2026-04-27T14:09:51+00:00","mainEntityOfPage":{"@id":"https:\/\/inof.es\/ca\/diabetis-i-ull-sec-una-relacio-que-va-mes-enlla-de-la-retina\/"},"wordCount":261,"commentCount":0,"publisher":{"@id":"https:\/\/inof.es\/ca\/#organization"},"image":{"@id":"https:\/\/inof.es\/ca\/diabetis-i-ull-sec-una-relacio-que-va-mes-enlla-de-la-retina\/#primaryimage"},"thumbnailUrl":"https:\/\/inof.es\/wp-content\/uploads\/2026\/04\/diabetes-ojo-seco.png","articleSection":["Diabetis"],"inLanguage":"ca","potentialAction":[{"@type":"CommentAction","name":"Comment","target":["https:\/\/inof.es\/ca\/diabetis-i-ull-sec-una-relacio-que-va-mes-enlla-de-la-retina\/#respond"]}]},{"@type":"WebPage","@id":"https:\/\/inof.es\/ca\/diabetis-i-ull-sec-una-relacio-que-va-mes-enlla-de-la-retina\/","url":"https:\/\/inof.es\/ca\/diabetis-i-ull-sec-una-relacio-que-va-mes-enlla-de-la-retina\/","name":"Diabetis i ull sec: una relaci\u00f3 que va m\u00e9s enll\u00e0 de la retina - Inof | Centro de investigaci\u00f3n y cirug\u00eda ocular","isPartOf":{"@id":"https:\/\/inof.es\/ca\/#website"},"primaryImageOfPage":{"@id":"https:\/\/inof.es\/ca\/diabetis-i-ull-sec-una-relacio-que-va-mes-enlla-de-la-retina\/#primaryimage"},"image":{"@id":"https:\/\/inof.es\/ca\/diabetis-i-ull-sec-una-relacio-que-va-mes-enlla-de-la-retina\/#primaryimage"},"thumbnailUrl":"https:\/\/inof.es\/wp-content\/uploads\/2026\/04\/diabetes-ojo-seco.png","datePublished":"2026-04-27T14:09:51+00:00","description":"Si presenta s\u00edmptomes persistents, li recomanem realitzar una valoraci\u00f3 completa amb els nostres especialistes.","breadcrumb":{"@id":"https:\/\/inof.es\/ca\/diabetis-i-ull-sec-una-relacio-que-va-mes-enlla-de-la-retina\/#breadcrumb"},"inLanguage":"ca","potentialAction":[{"@type":"ReadAction","target":["https:\/\/inof.es\/ca\/diabetis-i-ull-sec-una-relacio-que-va-mes-enlla-de-la-retina\/"]}]},{"@type":"ImageObject","inLanguage":"ca","@id":"https:\/\/inof.es\/ca\/diabetis-i-ull-sec-una-relacio-que-va-mes-enlla-de-la-retina\/#primaryimage","url":"https:\/\/inof.es\/wp-content\/uploads\/2026\/04\/diabetes-ojo-seco.png","contentUrl":"https:\/\/inof.es\/wp-content\/uploads\/2026\/04\/diabetes-ojo-seco.png","width":900,"height":600},{"@type":"BreadcrumbList","@id":"https:\/\/inof.es\/ca\/diabetis-i-ull-sec-una-relacio-que-va-mes-enlla-de-la-retina\/#breadcrumb","itemListElement":[{"@type":"ListItem","position":1,"name":"Portada","item":"https:\/\/inof.es\/ca\/"},{"@type":"ListItem","position":2,"name":"Diabetis i ull sec: una relaci\u00f3 que va m\u00e9s enll\u00e0 de la retina"}]},{"@type":"WebSite","@id":"https:\/\/inof.es\/ca\/#website","url":"https:\/\/inof.es\/ca\/","name":"Centro Inof | Dra. Fdez-Agrafojo","description":"Especialistas en estrabismo y oftalmolog\u00eda infantil","publisher":{"@id":"https:\/\/inof.es\/ca\/#organization"},"potentialAction":[{"@type":"SearchAction","target":{"@type":"EntryPoint","urlTemplate":"https:\/\/inof.es\/ca\/?s={search_term_string}"},"query-input":{"@type":"PropertyValueSpecification","valueRequired":true,"valueName":"search_term_string"}}],"inLanguage":"ca"},{"@type":"Organization","@id":"https:\/\/inof.es\/ca\/#organization","name":"Centro INOF de la Dra. Fdez-Agrafojo","url":"https:\/\/inof.es\/ca\/","logo":{"@type":"ImageObject","inLanguage":"ca","@id":"https:\/\/inof.es\/ca\/#\/schema\/logo\/image\/","url":"https:\/\/inof.es\/wp-content\/uploads\/2018\/10\/logo-agrafojo.png","contentUrl":"https:\/\/inof.es\/wp-content\/uploads\/2018\/10\/logo-agrafojo.png","width":721,"height":332,"caption":"Centro INOF de la Dra. Fdez-Agrafojo"},"image":{"@id":"https:\/\/inof.es\/ca\/#\/schema\/logo\/image\/"},"sameAs":["https:\/\/www.facebook.com\/OftalmologiaINOF\/","https:\/\/www.instagram.com\/inof_agrafojo\/","https:\/\/www.linkedin.com\/in\/dora-fern\u00e1ndez-agrafojo\/?ppe=1","https:\/\/www.youtube.com\/channel\/UCOK86vawyDB209S0-i8dFDg\/playlists"]},{"@type":"Person","@id":"https:\/\/inof.es\/ca\/#\/schema\/person\/f41a087e263169a04963fd245d3985d0","name":"Dani","image":{"@type":"ImageObject","inLanguage":"ca","@id":"https:\/\/inof.es\/ca\/#\/schema\/person\/image\/","url":"https:\/\/secure.gravatar.com\/avatar\/efaa1e9899ed51b1a78bd2d1fe287490?s=96&d=mm&r=g","contentUrl":"https:\/\/secure.gravatar.com\/avatar\/efaa1e9899ed51b1a78bd2d1fe287490?s=96&d=mm&r=g","caption":"Dani"}}]}},"_links":{"self":[{"href":"https:\/\/inof.es\/ca\/wp-json\/wp\/v2\/posts\/5527","targetHints":{"allow":["GET"]}}],"collection":[{"href":"https:\/\/inof.es\/ca\/wp-json\/wp\/v2\/posts"}],"about":[{"href":"https:\/\/inof.es\/ca\/wp-json\/wp\/v2\/types\/post"}],"author":[{"embeddable":true,"href":"https:\/\/inof.es\/ca\/wp-json\/wp\/v2\/users\/7"}],"replies":[{"embeddable":true,"href":"https:\/\/inof.es\/ca\/wp-json\/wp\/v2\/comments?post=5527"}],"version-history":[{"count":1,"href":"https:\/\/inof.es\/ca\/wp-json\/wp\/v2\/posts\/5527\/revisions"}],"predecessor-version":[{"id":5528,"href":"https:\/\/inof.es\/ca\/wp-json\/wp\/v2\/posts\/5527\/revisions\/5528"}],"wp:featuredmedia":[{"embeddable":true,"href":"https:\/\/inof.es\/ca\/wp-json\/wp\/v2\/media\/5524"}],"wp:attachment":[{"href":"https:\/\/inof.es\/ca\/wp-json\/wp\/v2\/media?parent=5527"}],"wp:term":[{"taxonomy":"category","embeddable":true,"href":"https:\/\/inof.es\/ca\/wp-json\/wp\/v2\/categories?post=5527"},{"taxonomy":"post_tag","embeddable":true,"href":"https:\/\/inof.es\/ca\/wp-json\/wp\/v2\/tags?post=5527"},{"taxonomy":"post_series","embeddable":true,"href":"https:\/\/inof.es\/ca\/wp-json\/wp\/v2\/post_series?post=5527"}],"curies":[{"name":"wp","href":"https:\/\/api.w.org\/{rel}","templated":true}]}}